[{"@context":"https:\/\/schema.org\/","@type":"Article","@id":"https:\/\/www.lrcomp.cz\/doprejte-si-kvalitu\/#Article","mainEntityOfPage":"https:\/\/www.lrcomp.cz\/doprejte-si-kvalitu\/","headline":"Dop\u0159ejte si kvalitu","name":"Dop\u0159ejte si kvalitu","description":"Kvalitu za b\u00e1je\u010dnou cenu L\u00edb\u00ed se v\u00e1m kr\u00e1sn\u00e1 p\u0159\u00edroda a koup\u00e1n\u00ed v mo\u0159i? To m\u016f\u017eete m\u00edt, kdy\u017e pojedete s n\u00e1mi na dovolenou do Chorvatska nebo \u010cern\u00e9 Hory. Pro Chorvatsko a \u010cernou Horu hovo\u0159\u00ed pom\u011brn\u011b kr\u00e1tk\u00e1 vzd\u00e1lenost od \u010cesk\u00e9 republiky, podobn\u00fd jazyk, st\u00e1l\u00e9 slune\u010dn\u00e9 po\u010das\u00ed, \u010dist\u00e9 a klidn\u00e9 mo\u0159e a p\u0159\u00edjemn\u00ed lid\u00e9, se kter\u00fdmi se domluv\u00edte. Chorvatsko apartm\u00e1ny je ji\u017e pro [&hellip;]","datePublished":"2025-04-29","dateModified":"2025-04-29","author":{"@type":"Person","@id":"https:\/\/www.lrcomp.cz\/author\/devene\/#Person","name":"devene","url":"https:\/\/www.lrcomp.cz\/author\/devene\/","identifier":1,"image":{"@type":"ImageObject","@id":"https:\/\/secure.gravatar.com\/avatar\/82449f5dd313bdc88befc1a2d3138ce45c5e7d5eeee84221e3cf7fbc184b80d3?s=96&d=mm&r=g","url":"https:\/\/secure.gravatar.com\/avatar\/82449f5dd313bdc88befc1a2d3138ce45c5e7d5eeee84221e3cf7fbc184b80d3?s=96&d=mm&r=g","height":96,"width":96}},"publisher":{"@type":"Organization","name":"lrcomp.cz","logo":{"@type":"ImageObject","@id":"\/logo.png","url":"\/logo.png","width":600,"height":60}},"url":"https:\/\/www.lrcomp.cz\/doprejte-si-kvalitu\/","wordCount":194,"articleBody":" Kvalitu za b\u00e1je\u010dnou cenu L\u00edb\u00ed se v\u00e1m kr\u00e1sn\u00e1 p\u0159\u00edroda a koup\u00e1n\u00ed v mo\u0159i? To m\u016f\u017eete m\u00edt, kdy\u017e pojedete s n\u00e1mi na dovolenou do Chorvatska nebo \u010cern\u00e9 Hory. Pro Chorvatsko a \u010cernou Horu hovo\u0159\u00ed pom\u011brn\u011b kr\u00e1tk\u00e1 vzd\u00e1lenost od \u010cesk\u00e9 republiky, podobn\u00fd jazyk, st\u00e1l\u00e9 slune\u010dn\u00e9 po\u010das\u00ed, \u010dist\u00e9 a klidn\u00e9 mo\u0159e a p\u0159\u00edjemn\u00ed lid\u00e9, se kter\u00fdmi se domluv\u00edte. Chorvatsko apartm\u00e1ny je ji\u017e pro v\u00e1s p\u0159ipravena. Nejlep\u0161\u00ed cena za dovolenou V\u00edte, pro\u010d je dovolen\u00e1 v Chorvatsku tolik obl\u00edben\u00e1 u \u010desk\u00fdch klient\u016f? Svou roli ur\u010dit\u011b hraje po\u010das\u00ed, kter\u00e9 je st\u00e1le slune\u010dn\u00e9, klidn\u00e9, \u010dist\u00e9 azurov\u011b modr\u00e9 mo\u0159e, ve kter\u00e9m se nemus\u00ed b\u00e1t koupat ani va\u0161e d\u011bti, vzd\u00e1lenost od na\u0161\u00ed republiky, velmi p\u0159\u00edzniv\u00e9 ceny a podobn\u00fd jazyk. P\u0159esv\u011bd\u010dili jsme i v\u00e1s? V\u011b\u0159\u00edme, \u017ee ano. Chorvatsko apartm\u00e1ny je ide\u00e1ln\u00ed volbou pro v\u00e1s. Ji\u017en\u00ed Dalm\u00e1cie Vybrat si m\u016f\u017eete svou dovolenou i v ji\u017en\u00ed Dalm\u00e1cii. Chorvatsko apartm\u00e1ny v\u00e1s o\u010dek\u00e1vaj\u00ed.                                                                                                                                                                                                                                                                                                                                                                                                "},{"@context":"https:\/\/schema.org\/","@type":"BreadcrumbList","itemListElement":[{"@type":"ListItem","position":1,"name":"Dop\u0159ejte si kvalitu","item":"https:\/\/www.lrcomp.cz\/doprejte-si-kvalitu\/#breadcrumbitem"}]}]