[{"@context":"https:\/\/schema.org\/","@type":"Article","@id":"https:\/\/www.lrcomp.cz\/nakupte-svym-detem-u-nas\/#Article","mainEntityOfPage":"https:\/\/www.lrcomp.cz\/nakupte-svym-detem-u-nas\/","headline":"Nakupte sv\u00fdm d\u011btem u n\u00e1s","name":"Nakupte sv\u00fdm d\u011btem u n\u00e1s","description":"P\u0159em\u00fd\u0161l\u00edte, kde nakoupit ide\u00e1ln\u00ed kr\u00e1sn\u00e9 kojeneck\u00e9 oble\u010den\u00ed, kter\u00e9 by bylo origin\u00e1ln\u00ed, kvalitn\u00ed a ke v\u0161emu za dobrou cenu? My takov\u00e9 oble\u010den\u00ed nab\u00edz\u00edme v na\u0161em internetov\u00e9m obchod\u011b, kde m\u016f\u017eete naj\u00edt r\u016fzn\u00e9 druhy od\u011bv\u016f pro va\u0161e d\u011bti. Jejich n\u00e1paditost se v\u00e1m ur\u010dit\u011b zal\u00edb\u00ed. Oble\u010den\u00ed pro va\u0161e miminka mus\u00ed b\u00fdt z kvalitn\u00edho a nez\u00e1vadn\u00e9ho materi\u00e1lu, proto\u017ee d\u011btsk\u00e1 poko\u017eka je velmi citliv\u00e1. Na\u0161e kr\u00e1sn\u00e9 [&hellip;]","datePublished":"2025-02-15","dateModified":"2025-02-15","author":{"@type":"Person","@id":"https:\/\/www.lrcomp.cz\/author\/devene\/#Person","name":"devene","url":"https:\/\/www.lrcomp.cz\/author\/devene\/","identifier":1,"image":{"@type":"ImageObject","@id":"https:\/\/secure.gravatar.com\/avatar\/82449f5dd313bdc88befc1a2d3138ce45c5e7d5eeee84221e3cf7fbc184b80d3?s=96&d=mm&r=g","url":"https:\/\/secure.gravatar.com\/avatar\/82449f5dd313bdc88befc1a2d3138ce45c5e7d5eeee84221e3cf7fbc184b80d3?s=96&d=mm&r=g","height":96,"width":96}},"publisher":{"@type":"Organization","name":"lrcomp.cz","logo":{"@type":"ImageObject","@id":"\/logo.png","url":"\/logo.png","width":600,"height":60}},"url":"https:\/\/www.lrcomp.cz\/nakupte-svym-detem-u-nas\/","wordCount":201,"articleBody":" P\u0159em\u00fd\u0161l\u00edte, kde nakoupit ide\u00e1ln\u00ed kr\u00e1sn\u00e9 kojeneck\u00e9 oble\u010den\u00ed, kter\u00e9 by bylo origin\u00e1ln\u00ed, kvalitn\u00ed a ke v\u0161emu za dobrou cenu? My takov\u00e9 oble\u010den\u00ed nab\u00edz\u00edme v na\u0161em internetov\u00e9m obchod\u011b, kde m\u016f\u017eete naj\u00edt r\u016fzn\u00e9 druhy od\u011bv\u016f pro va\u0161e d\u011bti. Jejich n\u00e1paditost se v\u00e1m ur\u010dit\u011b zal\u00edb\u00ed. Oble\u010den\u00ed pro va\u0161e miminka mus\u00ed b\u00fdt z kvalitn\u00edho a nez\u00e1vadn\u00e9ho materi\u00e1lu, proto\u017ee d\u011btsk\u00e1 poko\u017eka je velmi citliv\u00e1. Na\u0161e kr\u00e1sn\u00e9 kojeneck\u00e9 oble\u010den\u00ed zaru\u010duje mal\u00fdm d\u011btem dostate\u010dn\u00e9 pohodl\u00ed. Vyb\u00edrejte origin\u00e1ln\u00ed oble\u010dky nebo si zahrajte na n\u00e1vrh\u00e1\u0159e a navrhn\u011bte sv\u016fj vlastn\u00ed potisk na oble\u010den\u00ed, kter\u00e9 se tak m\u016f\u017ee st\u00e1t ide\u00e1ln\u00edm d\u00e1rkem. V\u00fdjime\u010dn\u00e9 d\u00edt\u011b Uka\u017ete, jak je pro v\u00e1s va\u0161e d\u00edt\u011b v\u00fdjime\u010dn\u00e9 a kupte mu origin\u00e1ln\u00ed kr\u00e1sn\u00e9 kojeneck\u00e9 oble\u010den\u00ed, kter\u00e9 se v\u0161em zal\u00edb\u00ed. Sta\u010d\u00ed jen vybrat takov\u00fd od\u011bv, kter\u00fd se pro va\u0161e miminko bude hodit a pak u\u017e jen snadno nakupovat v na\u0161em e-shopu.                                                                                                                                                                                                                                                                                                                                                                                                "},{"@context":"https:\/\/schema.org\/","@type":"BreadcrumbList","itemListElement":[{"@type":"ListItem","position":1,"name":"Nakupte sv\u00fdm d\u011btem u n\u00e1s","item":"https:\/\/www.lrcomp.cz\/nakupte-svym-detem-u-nas\/#breadcrumbitem"}]}]