[{"@context":"https:\/\/schema.org\/","@type":"Article","@id":"https:\/\/www.lrcomp.cz\/rozhodnuti-nechte-na-sobe\/#Article","mainEntityOfPage":"https:\/\/www.lrcomp.cz\/rozhodnuti-nechte-na-sobe\/","headline":"Rozhodnut\u00ed nechte na sob\u011b","name":"Rozhodnut\u00ed nechte na sob\u011b","description":"\u010clov\u011bk je komplikovan\u00e9 stvo\u0159en\u00ed, kter\u00e9 po\u0159\u00e1d v n\u011bkom nebo n\u011b\u010dem hled\u00e1 oporu, a p\u0159itom nem\u00e1 ani tu\u0161en\u00ed, \u017ee s\u00e1m je jedine\u010dn\u00fd a ka\u017ed\u00e9 svoje rozhodnut\u00ed mus\u00ed zv\u00e1\u017eit on s\u00e1m. Nejde jen o rozhodov\u00e1n\u00ed v soukrom\u00e9m \u017eivot\u011b, ale i v tom pracovn\u00edm, \u010di na vysok\u00fdch pozic\u00edch, kdy nese zodpov\u011bdnost za dal\u0161\u00ed lidi, kte\u0159\u00ed pod n\u00edm pracuj\u00ed. Pokud v t\u00e9to oblasti c\u00edt\u00edte [&hellip;]","datePublished":"2025-08-31","dateModified":"2025-08-31","author":{"@type":"Person","@id":"https:\/\/www.lrcomp.cz\/author\/devene\/#Person","name":"devene","url":"https:\/\/www.lrcomp.cz\/author\/devene\/","identifier":1,"image":{"@type":"ImageObject","@id":"https:\/\/secure.gravatar.com\/avatar\/82449f5dd313bdc88befc1a2d3138ce45c5e7d5eeee84221e3cf7fbc184b80d3?s=96&d=mm&r=g","url":"https:\/\/secure.gravatar.com\/avatar\/82449f5dd313bdc88befc1a2d3138ce45c5e7d5eeee84221e3cf7fbc184b80d3?s=96&d=mm&r=g","height":96,"width":96}},"publisher":{"@type":"Organization","name":"lrcomp.cz","logo":{"@type":"ImageObject","@id":"\/logo.png","url":"\/logo.png","width":600,"height":60}},"url":"https:\/\/www.lrcomp.cz\/rozhodnuti-nechte-na-sobe\/","wordCount":230,"articleBody":"\u010clov\u011bk je komplikovan\u00e9 stvo\u0159en\u00ed, kter\u00e9 po\u0159\u00e1d v n\u011bkom nebo n\u011b\u010dem hled\u00e1 oporu, a p\u0159itom nem\u00e1 ani tu\u0161en\u00ed, \u017ee s\u00e1m je jedine\u010dn\u00fd a ka\u017ed\u00e9 svoje rozhodnut\u00ed mus\u00ed zv\u00e1\u017eit on s\u00e1m. Nejde jen o rozhodov\u00e1n\u00ed v soukrom\u00e9m \u017eivot\u011b, ale i v tom pracovn\u00edm, \u010di na vysok\u00fdch pozic\u00edch, kdy nese zodpov\u011bdnost za dal\u0161\u00ed lidi, kte\u0159\u00ed pod n\u00edm pracuj\u00ed. Pokud v t\u00e9to oblasti c\u00edt\u00edte nejistotu, pot\u0159ebujete m\u00edt zdrav\u00e9 sebev\u011bdom\u00ed a st\u00e1t si za sv\u00fdmi rozhodnut\u00edmi, pomoct v\u00e1m m\u016f\u017ee \u0159editel agentury Motiv P, lektor a kou\u010d s mno\u017estv\u00edm zku\u0161enost\u00ed, pan Franti\u0161ek Hron\u00edk. Najd\u011bte efektivn\u00ed \u0159e\u0161en\u00ed Chcete se nau\u010dit \u0159e\u0161it probl\u00e9my na pracovi\u0161ti, ale v podstat\u011b i soukrom\u00e9m \u017eivot\u011b s chladnou hlavou, rychle a efektivn\u011b? M\u00e1te pocit, \u017ee je toho n\u011bkdy na v\u00e1s moc a nezvl\u00e1d\u00e1te svoj\u00ed vedouc\u00ed pozici? Chcete svoje pod\u0159\u00edzen\u00e9 \u00fasp\u011b\u0161n\u011b motivovat a zv\u00fd\u0161it efektivitu jejich pr\u00e1ce? Na ka\u017edou ot\u00e1zku, existuje odpov\u011b\u010f a nen\u00ed tomu jinak ani v tomto p\u0159\u00edpad\u011b. Svoje o tom v\u00ed i pan Franti\u0161ek Hron\u00edk, \u0159editel agentury Motiv P, kter\u00fd v\u00e1s t\u00edmto sv\u011btem r\u00e1d provede, jako zku\u0161en\u00fd lektor a kou\u010d.                                                                                                                                                                                                                                                                                                                                                                                                "},{"@context":"https:\/\/schema.org\/","@type":"BreadcrumbList","itemListElement":[{"@type":"ListItem","position":1,"name":"Rozhodnut\u00ed nechte na sob\u011b","item":"https:\/\/www.lrcomp.cz\/rozhodnuti-nechte-na-sobe\/#breadcrumbitem"}]}]