[{"@context":"https:\/\/schema.org\/","@type":"Article","@id":"https:\/\/www.lrcomp.cz\/skvela-moznost-bydleni\/#Article","mainEntityOfPage":"https:\/\/www.lrcomp.cz\/skvela-moznost-bydleni\/","headline":"Skv\u011bl\u00e1 mo\u017enost bydlen\u00ed","name":"Skv\u011bl\u00e1 mo\u017enost bydlen\u00ed","description":"Pokud si hled\u00e1te nov\u00e9 m\u00edsto k \u017eivotu a m\u00e1te zrovna hluboko do kapsy, mohou V\u00e1m na\u0161e mobiln\u00ed domy p\u0159ij\u00edt vhod. Nab\u00edz\u00edme je za v\u00fdhodn\u00e9 ceny v mnoha proveden\u00edch. Bydlen\u00ed v nich nen\u00ed p\u0159\u00edli\u0161 n\u00e1kladn\u00e9. Jejich tepeln\u00e1 i zvukov\u00e1 izolace je toti\u017e na vysok\u00e9 \u00farovni. S n\u00e1mi tak m\u016f\u017eete u\u0161et\u0159it nejen za bydlen\u00ed, ale i za vyt\u00e1p\u011bn\u00ed. V takov\u00fdchto obydl\u00edch m\u016f\u017eete [&hellip;]","datePublished":"2025-02-21","dateModified":"2025-02-21","author":{"@type":"Person","@id":"https:\/\/www.lrcomp.cz\/author\/devene\/#Person","name":"devene","url":"https:\/\/www.lrcomp.cz\/author\/devene\/","identifier":1,"image":{"@type":"ImageObject","@id":"https:\/\/secure.gravatar.com\/avatar\/82449f5dd313bdc88befc1a2d3138ce45c5e7d5eeee84221e3cf7fbc184b80d3?s=96&d=mm&r=g","url":"https:\/\/secure.gravatar.com\/avatar\/82449f5dd313bdc88befc1a2d3138ce45c5e7d5eeee84221e3cf7fbc184b80d3?s=96&d=mm&r=g","height":96,"width":96}},"publisher":{"@type":"Organization","name":"lrcomp.cz","logo":{"@type":"ImageObject","@id":"\/logo.png","url":"\/logo.png","width":600,"height":60}},"url":"https:\/\/www.lrcomp.cz\/skvela-moznost-bydleni\/","wordCount":176,"articleBody":"Pokud si hled\u00e1te nov\u00e9 m\u00edsto k \u017eivotu a m\u00e1te zrovna hluboko do kapsy, mohou V\u00e1m na\u0161e mobiln\u00ed domy p\u0159ij\u00edt vhod. Nab\u00edz\u00edme je za v\u00fdhodn\u00e9 ceny v mnoha proveden\u00edch. Bydlen\u00ed v nich nen\u00ed p\u0159\u00edli\u0161 n\u00e1kladn\u00e9. Jejich tepeln\u00e1 i zvukov\u00e1 izolace je toti\u017e na vysok\u00e9 \u00farovni. S n\u00e1mi tak m\u016f\u017eete u\u0161et\u0159it nejen za bydlen\u00ed, ale i za vyt\u00e1p\u011bn\u00ed. V takov\u00fdchto obydl\u00edch m\u016f\u017eete bydlet i s celou rodinou. A to pohodln\u011b. Jsou toti\u017e dostate\u010dn\u011b prostorn\u00e1, aby pojala rodi\u010de i jejich d\u011bti.Vyu\u017eit\u00ed i pro podnikateleMobiln\u00ed domy nejsou ur\u010deny pouze pro bydlen\u00ed, ale vyu\u017e\u00edvat je mohou i \u017eivnostn\u00edci, kte\u0159\u00ed si cht\u011bj\u00ed otev\u0159\u00edt nap\u0159\u00edklad st\u00e1nek s rychl\u00edm ob\u010derstven\u00edm. Tyto \u201estavby\u201c se hojn\u011b pou\u017e\u00edvaj\u00ed tak\u00e9 jako mal\u00e1 kade\u0159nictv\u00ed. Najdete v nich dokonce i firemn\u00ed kancel\u00e1\u0159e. Mo\u017enost\u00ed vyu\u017eit\u00ed je cel\u00e1 \u0159ada a ka\u017ed\u00fd den lid\u00e9 nach\u00e1zej\u00ed nov\u00e9.                                                                                                                                                                                                                                                                                                                                                                                        3\/5 - (1 vote)        "},{"@context":"https:\/\/schema.org\/","@type":"BreadcrumbList","itemListElement":[{"@type":"ListItem","position":1,"name":"Skv\u011bl\u00e1 mo\u017enost bydlen\u00ed","item":"https:\/\/www.lrcomp.cz\/skvela-moznost-bydleni\/#breadcrumbitem"}]}]