[{"@context":"https:\/\/schema.org\/","@type":"Article","@id":"https:\/\/www.lrcomp.cz\/staci-k-tomu-par-dni\/#Article","mainEntityOfPage":"https:\/\/www.lrcomp.cz\/staci-k-tomu-par-dni\/","headline":"Sta\u010d\u00ed k\u00a0tomu p\u00e1r dn\u00ed","name":"Sta\u010d\u00ed k\u00a0tomu p\u00e1r dn\u00ed","description":"Kupujete nov\u00fd byt nebo ji\u017e nejste spokojeni s koncepc\u00ed toho st\u00e1vaj\u00edc\u00edho? Nechcte si poradit od na\u0161\u00ed firmy a zaru\u010den\u011b nebudete litovat. N\u00e1vrhy interi\u00e9r\u016f se zab\u00fdv\u00e1me ji\u017e celou \u0159\u00e1dku let a m\u00e1me na tom poli velk\u00e9 zku\u0161enosti. Pomoci V\u00e1m m\u016f\u017ee na\u0161e bytov\u00e1 design\u00e9rka, kter\u00e1 V\u00e1m pom\u016f\u017ee sladit byt barevn\u011b i koncep\u010dn\u011b. N\u00e1vrhy interi\u00e9r\u016f se samoz\u0159ejm\u011b nevztahuj\u00ed pouze na cel\u00fd obytn\u00fd prostor, [&hellip;]","datePublished":"2025-03-03","dateModified":"2025-03-03","author":{"@type":"Person","@id":"https:\/\/www.lrcomp.cz\/author\/devene\/#Person","name":"devene","url":"https:\/\/www.lrcomp.cz\/author\/devene\/","identifier":1,"image":{"@type":"ImageObject","@id":"https:\/\/secure.gravatar.com\/avatar\/82449f5dd313bdc88befc1a2d3138ce45c5e7d5eeee84221e3cf7fbc184b80d3?s=96&d=mm&r=g","url":"https:\/\/secure.gravatar.com\/avatar\/82449f5dd313bdc88befc1a2d3138ce45c5e7d5eeee84221e3cf7fbc184b80d3?s=96&d=mm&r=g","height":96,"width":96}},"publisher":{"@type":"Organization","name":"lrcomp.cz","logo":{"@type":"ImageObject","@id":"\/logo.png","url":"\/logo.png","width":600,"height":60}},"url":"https:\/\/www.lrcomp.cz\/staci-k-tomu-par-dni\/","wordCount":172,"articleBody":"Kupujete nov\u00fd byt nebo ji\u017e nejste spokojeni s koncepc\u00ed toho st\u00e1vaj\u00edc\u00edho? Nechcte si poradit od na\u0161\u00ed firmy a zaru\u010den\u011b nebudete litovat. N\u00e1vrhy interi\u00e9r\u016f se zab\u00fdv\u00e1me ji\u017e celou \u0159\u00e1dku let a m\u00e1me na tom poli velk\u00e9 zku\u0161enosti. Pomoci V\u00e1m m\u016f\u017ee na\u0161e bytov\u00e1 design\u00e9rka, kter\u00e1 V\u00e1m pom\u016f\u017ee sladit byt barevn\u011b i koncep\u010dn\u011b.N\u00e1vrhy interi\u00e9r\u016f se samoz\u0159ejm\u011b nevztahuj\u00ed pouze na cel\u00fd obytn\u00fd prostor, ale m\u016f\u017eete si od n\u00e1s nechat poradit i ohledn\u011b jednotliv\u00fdch m\u00edstnost\u00ed cel\u00e9ho bytu. Navrhneme pro V\u00e1s lo\u017enici, d\u011btsk\u00fd \u010di ob\u00fdvac\u00ed pokoj, ale samoz\u0159ejm\u011b i kuchy\u0148 \u010di j\u00eddelnu. N\u00e1vrhy interi\u00e9r\u016f na\u0161\u00ed firmy jsou vysoce cen\u011bny pro svou funk\u010dnost a harmonick\u00e9 slad\u011bn\u00ed.CenaCeny na\u0161ich slu\u017eeb nejsou samoz\u0159ejm\u011b fixn\u00ed. V\u0161e z\u00e1le\u017e\u00ed na Va\u0161i objedn\u00e1vce, ale zat\u00edm jsme se v tomto ohledu v\u017edy s ka\u017ed\u00fdm domluvili.                                                                                                                                                                                                                                                                                                                                                                                        5\/5 - (1 vote)        "},{"@context":"https:\/\/schema.org\/","@type":"BreadcrumbList","itemListElement":[{"@type":"ListItem","position":1,"name":"Sta\u010d\u00ed k\u00a0tomu p\u00e1r dn\u00ed","item":"https:\/\/www.lrcomp.cz\/staci-k-tomu-par-dni\/#breadcrumbitem"}]}]