[{"@context":"https:\/\/schema.org\/","@type":"Article","@id":"https:\/\/www.lrcomp.cz\/zavisla-na-mobilu\/#Article","mainEntityOfPage":"https:\/\/www.lrcomp.cz\/zavisla-na-mobilu\/","headline":"Z\u00e1visl\u00e1 na mobilu","name":"Z\u00e1visl\u00e1 na mobilu","description":"Mysl\u00edm si, \u017ee ka\u017ed\u00fd \u010dlov\u011bk u\u017e m\u00e1 n\u011bjak\u00fd mobiln\u00ed telefon. A j\u00e1 nejsem zase v\u00fdjimka. A na tom by absolutn\u011b nebylo asi nic divn\u00e9ho, proto\u017ee v dosp\u011bl\u00e9m v\u011bku m\u00e1 ka\u017ed\u00fd \u010dlov\u011bk mobiln\u00ed telefon. A kdo tvrd\u00ed, \u017ee ne, tak mu to kec\u00e1 anebo ho n\u011bjak zvl\u00e1\u0161tn\u011b nepot\u0159ebujete, i kdy\u017e si nedok\u00e1\u017eu opravdu p\u0159edstavit \u010dlov\u011bka, kter\u00fd by mi \u0159ekl, \u017ee v\u016fbec [&hellip;]","datePublished":"2022-08-08","dateModified":"2023-05-15","author":{"@type":"Person","@id":"https:\/\/www.lrcomp.cz\/author\/devene\/#Person","name":"devene","url":"https:\/\/www.lrcomp.cz\/author\/devene\/","identifier":1,"image":{"@type":"ImageObject","@id":"https:\/\/secure.gravatar.com\/avatar\/82449f5dd313bdc88befc1a2d3138ce45c5e7d5eeee84221e3cf7fbc184b80d3?s=96&d=mm&r=g","url":"https:\/\/secure.gravatar.com\/avatar\/82449f5dd313bdc88befc1a2d3138ce45c5e7d5eeee84221e3cf7fbc184b80d3?s=96&d=mm&r=g","height":96,"width":96}},"publisher":{"@type":"Organization","name":"lrcomp.cz","logo":{"@type":"ImageObject","@id":"\/logo.png","url":"\/logo.png","width":600,"height":60}},"image":{"@type":"ImageObject","@id":"https:\/\/www.lrcomp.cz\/wp-content\/uploads\/mobile-phone-1573275_960_720_1.jpg","url":"https:\/\/www.lrcomp.cz\/wp-content\/uploads\/mobile-phone-1573275_960_720_1.jpg","height":0,"width":0},"url":"https:\/\/www.lrcomp.cz\/zavisla-na-mobilu\/","about":["Mobil"],"wordCount":408,"articleBody":"Mysl\u00edm si, \u017ee ka\u017ed\u00fd \u010dlov\u011bk u\u017e m\u00e1 n\u011bjak\u00fd mobiln\u00ed telefon. A j\u00e1 nejsem zase v\u00fdjimka. A na tom by absolutn\u011b nebylo asi nic divn\u00e9ho, proto\u017ee v dosp\u011bl\u00e9m v\u011bku m\u00e1 ka\u017ed\u00fd \u010dlov\u011bk mobiln\u00ed telefon. A kdo tvrd\u00ed, \u017ee ne, tak mu to kec\u00e1 anebo ho n\u011bjak zvl\u00e1\u0161tn\u011b nepot\u0159ebujete, i kdy\u017e si nedok\u00e1\u017eu opravdu p\u0159edstavit \u010dlov\u011bka, kter\u00fd by mi \u0159ekl, \u017ee v\u016fbec nepot\u0159ebuje mobiln\u00ed telefon. To jako v\u00e1\u017en\u011b? To v\u00e1\u017en\u011b existuj\u00ed dosp\u011bl\u00ed lid\u00e9, kte\u0159\u00ed nepot\u0159ebuj\u00ed v\u016fbec mobiln\u00ed telefon? Opravdu takov\u00e9ho \u010dlov\u011bka v\u016fbec nezn\u00e1m a docela bych si p\u0159\u00e1la ho potkat a zeptala bych se ho, jak m\u016f\u017ee bez mobiln\u00edho telefonu \u017e\u00edt. J\u00e1 v\u00edm, vy si mo\u017en\u00e1 \u0159\u00edk\u00e1te, \u017ee d\u0159\u00edve, kdy\u017e nebyly mobiln\u00ed telefony, tak se lid\u00e9 tak\u00e9 zcela obe\u0161li bez mobiln\u00edho telefonu. J\u00e1 v\u00edm, tohle je pravda a zn\u00e1m to, jenom\u017ee je opravdu logick\u00e9, \u017ee kdy\u017e si \u010dlov\u011bk na n\u011bco zvykne, kdy\u017e mu to usnadn\u00ed \u017eivot a zjednodu\u0161\u00ed, tak se potom toho t\u011b\u017eko zbavuje. Je to nap\u0159\u00edklad jako to, kdy\u017e narkomanovi seberete n\u00e1hle drogy,\u00a0proto\u017ee\u00a0taky z toho bude m\u00edt abs\u0165\u00e1k. A j\u00e1 se v\u00e1m p\u0159izn\u00e1m, \u017ee kdybych musela ze dne na den odevzdat mobiln\u00ed telefon a nem\u00edt \u017e\u00e1dn\u00fd mobiln\u00ed telefon, tak bych se asi zbl\u00e1znila. J\u00e1 jsem zvykl\u00e1, \u017ee si m\u016f\u017eu kdykoliv zavolat n\u011bkomu, aby pro m\u011b p\u0159ijel autem, proto\u017ee nem\u00e1m \u0159idi\u010dsk\u00fd pr\u016fkaz. A nem\u00e1m ani auto.Tak\u017ee je pro m\u011b mobiln\u00ed telefon opravdu hodn\u011b d\u016fle\u017eit\u00e9 a nedok\u00e1\u017eu si bez n\u011bj p\u0159edstavit \u017eivot. Taky d\u00edky mobilu potk\u00e1v\u00e1m spoustu p\u0159\u00e1tel, proto\u017ee m\u00e1m v kamar\u00e1dky, kter\u00e9 bydl\u00ed hodn\u011b daleko, se kter\u00fdmi se vid\u00edm pouze\u00a0online\u00a0p\u0159es mobiln\u00ed telefon anebo p\u0159es po\u010d\u00edta\u010d, tak\u017ee kdybych nem\u011bla mobiln\u00ed telefon, byla bych asi p\u011bkn\u011b nahran\u00e1. A vy byste u\u017e dok\u00e1zali \u017e\u00edt a norm\u00e1ln\u011b fungovat bez\u00a0mobiln\u00edho\u00a0telefonu? Nebo jste u\u017e na tom\u00a0jako\u00a0j\u00e1, \u017ee by jste se zbl\u00e1znili. \u0158eknu v\u00e1m, \u017ee\u00a0m\u016fj\u00a0syn,\u00a0kter\u00e9mu\u00a0je p\u011bt let, by se u\u017e taky asi\u00a0neobe\u0161el\u00a0bez mobilu. No co, takov\u00e1 je doba.                                                                                                                                                                                                                                                                                                                                                                                        4.1\/5 - (13 votes)        "},{"@context":"https:\/\/schema.org\/","@type":"BreadcrumbList","itemListElement":[{"@type":"ListItem","position":1,"name":"Z\u00e1visl\u00e1 na mobilu","item":"https:\/\/www.lrcomp.cz\/zavisla-na-mobilu\/#breadcrumbitem"}]}]